{"id":88,"date":"2012-06-17T12:56:49","date_gmt":"2012-06-17T12:56:49","guid":{"rendered":"http:\/\/spd-niehl.de\/?p=88"},"modified":"2018-12-10T12:57:19","modified_gmt":"2018-12-10T12:57:19","slug":"mitgliederversammlung-mit-andreas-kossiski-mdl","status":"publish","type":"post","link":"http:\/\/spd-niehl.de\/?p=88","title":{"rendered":"Mitgliederversammlung mit Andreas Kossiski, MdL"},"content":{"rendered":"\n<p>\nAm  13. Juni 2012 fand eine Mitgliederversammlung mit unseren neu \ngew\u00e4hlten Landtagsabgeordneten Andreas Kossiski statt. Wir hatten ihn \ngebeten, \u00fcber seine ersten Tage im Landtag zu berichten. So konnten wir \nerfahren, dass er sich f\u00fcr den Innenausschuss und den \nWirtschaftsausschuss gemeldet hat.<br><br>\n\t\t\tAndreas merkte an, dass sich in K\u00f6ln nach der Landtagswahl &#8222;ein \ngro\u00dfes Portfolio aufgemacht&#8220; habe. Dadurch, dass alle sieben Kandidaten \ngew\u00e4hlt seien, w\u00e4ren s\u00e4mtliche Kernbereiche von der Bildung bis zur \nWirtschaft abgedeckt. Das Ziel soll sein, K\u00f6ln in D\u00fcsseldorf pr\u00e4senter \nzu machen und Themen wie Stadtentwicklung, Wohnungsbau und regionale \nArbeitsmarktpolitik voranzutreiben. Die Landtagsabgeordneten haben ein \ngemeinsames B\u00fcro in der Parteizentrale in der Magnusstra\u00dfe. Andreas wies\n auch darauf hin, dass Besuche im Landtag organisiert werden k\u00f6nnten.<br><br>\n\t\t\tEr erkl\u00e4rte uns, dass er f\u00fcr seinen Wahlbezirk zwei Ansprechpartner \neinstellen will, um so eine Vernetzung mit den Ortsvereinen und dem \nStadtbezirk zu gew\u00e4hrleisten. Zudem soll dieser Ansprechpartner auch f\u00fcr\n die B\u00fcrger zust\u00e4ndig sein.\n\t\t\t\n\t\t\t\n\n<\/p>\n","protected":false},"excerpt":{"rendered":"<p>Am 13. Juni 2012 fand eine Mitgliederversammlung mit unseren neu gew\u00e4hlten Landtagsabgeordneten Andreas Kossiski statt. Wir hatten ihn gebeten, \u00fcber seine ersten Tage im Landtag zu berichten. So konnten wir erfahren, dass er sich f\u00fcr den Innenausschuss und den Wirtschaftsausschuss gemeldet hat. Andreas merkte an, dass sich in K\u00f6ln nach der Landtagswahl &#8222;ein gro\u00dfes Portfolio<\/p><\/div>\n<div class=\"blog-btn\"><a href=\"http:\/\/spd-niehl.de\/?p=88\" class=\"home-blog-btn\">Weiterlesen<\/a><\/p>\n","protected":false},"author":1,"featured_media":0,"comment_status":"open","ping_status":"open","sticky":false,"template":"","format":"standard","meta":[],"categories":[1],"tags":[],"_links":{"self":[{"href":"http:\/\/spd-niehl.de\/index.php?rest_route=\/wp\/v2\/posts\/88"}],"collection":[{"href":"http:\/\/spd-niehl.de\/index.php?rest_route=\/wp\/v2\/posts"}],"about":[{"href":"http:\/\/spd-niehl.de\/index.php?rest_route=\/wp\/v2\/types\/post"}],"author":[{"embeddable":true,"href":"http:\/\/spd-niehl.de\/index.php?rest_route=\/wp\/v2\/users\/1"}],"replies":[{"embeddable":true,"href":"http:\/\/spd-niehl.de\/index.php?rest_route=%2Fwp%2Fv2%2Fcomments&post=88"}],"version-history":[{"count":1,"href":"http:\/\/spd-niehl.de\/index.php?rest_route=\/wp\/v2\/posts\/88\/revisions"}],"predecessor-version":[{"id":89,"href":"http:\/\/spd-niehl.de\/index.php?rest_route=\/wp\/v2\/posts\/88\/revisions\/89"}],"wp:attachment":[{"href":"http:\/\/spd-niehl.de\/index.php?rest_route=%2Fwp%2Fv2%2Fmedia&parent=88"}],"wp:term":[{"taxonomy":"category","embeddable":true,"href":"http:\/\/spd-niehl.de\/index.php?rest_route=%2Fwp%2Fv2%2Fcategories&post=88"},{"taxonomy":"post_tag","embeddable":true,"href":"http:\/\/spd-niehl.de\/index.php?rest_route=%2Fwp%2Fv2%2Ftags&post=88"}],"curies":[{"name":"wp","href":"https:\/\/api.w.org\/{rel}","templated":true}]}}