{"id":79,"date":"2015-03-16T12:53:37","date_gmt":"2015-03-16T12:53:37","guid":{"rendered":"http:\/\/spd-niehl.de\/?p=79"},"modified":"2018-12-10T12:54:14","modified_gmt":"2018-12-10T12:54:14","slug":"neuer-vorstand","status":"publish","type":"post","link":"http:\/\/spd-niehl.de\/?p=79","title":{"rendered":"Neuer Vorstand"},"content":{"rendered":"\n<p>\nAm 16.03.2015 fand unsere Jahreshauptversammlung in der Gastst\u00e4tte \nSch\u00fctzenhof statt. Als Nachfolge f\u00fcr den am 08.11.2014 verstorbenen \nlangj\u00e4hrigen Vorsitzenden Peter Messerschmidt wurde die bisherige \nstellvertretende Vorsitzende Beate Wieloch gew\u00e4hlt. Ihren Platz nahm \nnach Abstimmung Naci Akca ein. F\u00fcr seinen Beisitzerposten bestimmte die \nVersammlung Josh Fleischmann.\n\n<\/p>\n","protected":false},"excerpt":{"rendered":"<p>Am 16.03.2015 fand unsere Jahreshauptversammlung in der Gastst\u00e4tte Sch\u00fctzenhof statt. Als Nachfolge f\u00fcr den am 08.11.2014 verstorbenen langj\u00e4hrigen Vorsitzenden Peter Messerschmidt wurde die bisherige stellvertretende Vorsitzende Beate Wieloch gew\u00e4hlt. Ihren Platz nahm nach Abstimmung Naci Akca ein. F\u00fcr seinen Beisitzerposten bestimmte die Versammlung Josh Fleischmann.<\/p>\n","protected":false},"author":1,"featured_media":0,"comment_status":"open","ping_status":"open","sticky":false,"template":"","format":"standard","meta":[],"categories":[1],"tags":[],"_links":{"self":[{"href":"http:\/\/spd-niehl.de\/index.php?rest_route=\/wp\/v2\/posts\/79"}],"collection":[{"href":"http:\/\/spd-niehl.de\/index.php?rest_route=\/wp\/v2\/posts"}],"about":[{"href":"http:\/\/spd-niehl.de\/index.php?rest_route=\/wp\/v2\/types\/post"}],"author":[{"embeddable":true,"href":"http:\/\/spd-niehl.de\/index.php?rest_route=\/wp\/v2\/users\/1"}],"replies":[{"embeddable":true,"href":"http:\/\/spd-niehl.de\/index.php?rest_route=%2Fwp%2Fv2%2Fcomments&post=79"}],"version-history":[{"count":1,"href":"http:\/\/spd-niehl.de\/index.php?rest_route=\/wp\/v2\/posts\/79\/revisions"}],"predecessor-version":[{"id":80,"href":"http:\/\/spd-niehl.de\/index.php?rest_route=\/wp\/v2\/posts\/79\/revisions\/80"}],"wp:attachment":[{"href":"http:\/\/spd-niehl.de\/index.php?rest_route=%2Fwp%2Fv2%2Fmedia&parent=79"}],"wp:term":[{"taxonomy":"category","embeddable":true,"href":"http:\/\/spd-niehl.de\/index.php?rest_route=%2Fwp%2Fv2%2Fcategories&post=79"},{"taxonomy":"post_tag","embeddable":true,"href":"http:\/\/spd-niehl.de\/index.php?rest_route=%2Fwp%2Fv2%2Ftags&post=79"}],"curies":[{"name":"wp","href":"https:\/\/api.w.org\/{rel}","templated":true}]}}