{"id":70,"date":"2017-09-17T12:47:31","date_gmt":"2017-09-17T12:47:31","guid":{"rendered":"http:\/\/spd-niehl.de\/?p=70"},"modified":"2018-12-10T12:49:19","modified_gmt":"2018-12-10T12:49:19","slug":"unser-fruehschoppen-mit-rolf-muetzenich","status":"publish","type":"post","link":"http:\/\/spd-niehl.de\/?p=70","title":{"rendered":"Unser Fr\u00fchschoppen mit Rolf M\u00fctzenich"},"content":{"rendered":"\n<figure class=\"wp-block-image\"><img loading=\"lazy\" width=\"1024\" height=\"506\" src=\"http:\/\/spd-niehl.de\/wp-content\/uploads\/2018\/12\/2017_09_17_1-1024x506.jpg\" alt=\"\" class=\"wp-image-71\" srcset=\"http:\/\/spd-niehl.de\/wp-content\/uploads\/2018\/12\/2017_09_17_1-1024x506.jpg 1024w, http:\/\/spd-niehl.de\/wp-content\/uploads\/2018\/12\/2017_09_17_1-300x148.jpg 300w, http:\/\/spd-niehl.de\/wp-content\/uploads\/2018\/12\/2017_09_17_1-768x380.jpg 768w, http:\/\/spd-niehl.de\/wp-content\/uploads\/2018\/12\/2017_09_17_1.jpg 1200w\" sizes=\"(max-width: 1024px) 100vw, 1024px\" \/><\/figure>\n\n\n\n<p>Als <strong>\u00f6ffentliche Mitgliederversammlung<\/strong>, zu der auch interessierte B\u00fcrger*innen aus dem Wahlkreis eingeladen waren, haben wir zusammen mit dem <strong>Ortsverein Weidenpesch\/Mauenheim<\/strong> am vergangenen Sonntag einen <strong>politischen Fr\u00fchschoppen<\/strong> veranstaltet. Um 10&nbsp;Uhr ging es los im <strong>Pfarrheim Heilig Kreuz<\/strong> in Weidenpesch. Als Hauptgast war unser SPD-Direktkandidat f\u00fcr den Bundestag im Wahlkreis, <strong>Rolf M\u00fctzenich<\/strong>,\n anwesend und kam mit den B\u00fcrger*innen direkt ins Gespr\u00e4ch. Zun\u00e4chst \nerz\u00e4hlte er jedoch in einer kleinen Ansprache von seiner Jugendzeit, die\n er unter einer SPD-gef\u00fchrten Landesregierung in der Hauptschule \nverbrachte und dank des Bildungsschwerpunktes der Landesregierung die \nChance hatte, den zweiten Bildungsweg zu beschreiten. Auch berichtete er\n aus seinem aktuellen Arbeitgebiet, der Au\u00dfen- und Sicherheitspolitik. \nAus dem <strong>Ortsverein Bilderst\u00f6ckchen<\/strong> hatten wir zudem Besuch von dessen Vorsitzendem <strong>J\u00f6rg van Geffen<\/strong>&nbsp;(MdR). Mit belegten Br\u00f6tchen, Kaffe und K\u00f6lsch war ab 10&nbsp;Uhr bestens f\u00fcr das leibliche Wohl gesorgt.<\/p>\n\n\n\n<p><strong>Wir danken den Organisator*innen und allen Teilnehmenden f\u00fcr einen angenehmen Start in den Sonntag!<\/strong><\/p>\n","protected":false},"excerpt":{"rendered":"<p>Als \u00f6ffentliche Mitgliederversammlung, zu der auch interessierte B\u00fcrger*innen aus dem Wahlkreis eingeladen waren, haben wir zusammen mit dem Ortsverein Weidenpesch\/Mauenheim am vergangenen Sonntag einen politischen Fr\u00fchschoppen veranstaltet. Um 10&nbsp;Uhr ging es los im Pfarrheim Heilig Kreuz in Weidenpesch. Als Hauptgast war unser SPD-Direktkandidat f\u00fcr den Bundestag im Wahlkreis, Rolf M\u00fctzenich, anwesend und kam mit den<\/p><\/div>\n<div class=\"blog-btn\"><a href=\"http:\/\/spd-niehl.de\/?p=70\" class=\"home-blog-btn\">Weiterlesen<\/a><\/p>\n","protected":false},"author":1,"featured_media":0,"comment_status":"open","ping_status":"open","sticky":false,"template":"","format":"standard","meta":[],"categories":[1],"tags":[],"_links":{"self":[{"href":"http:\/\/spd-niehl.de\/index.php?rest_route=\/wp\/v2\/posts\/70"}],"collection":[{"href":"http:\/\/spd-niehl.de\/index.php?rest_route=\/wp\/v2\/posts"}],"about":[{"href":"http:\/\/spd-niehl.de\/index.php?rest_route=\/wp\/v2\/types\/post"}],"author":[{"embeddable":true,"href":"http:\/\/spd-niehl.de\/index.php?rest_route=\/wp\/v2\/users\/1"}],"replies":[{"embeddable":true,"href":"http:\/\/spd-niehl.de\/index.php?rest_route=%2Fwp%2Fv2%2Fcomments&post=70"}],"version-history":[{"count":1,"href":"http:\/\/spd-niehl.de\/index.php?rest_route=\/wp\/v2\/posts\/70\/revisions"}],"predecessor-version":[{"id":72,"href":"http:\/\/spd-niehl.de\/index.php?rest_route=\/wp\/v2\/posts\/70\/revisions\/72"}],"wp:attachment":[{"href":"http:\/\/spd-niehl.de\/index.php?rest_route=%2Fwp%2Fv2%2Fmedia&parent=70"}],"wp:term":[{"taxonomy":"category","embeddable":true,"href":"http:\/\/spd-niehl.de\/index.php?rest_route=%2Fwp%2Fv2%2Fcategories&post=70"},{"taxonomy":"post_tag","embeddable":true,"href":"http:\/\/spd-niehl.de\/index.php?rest_route=%2Fwp%2Fv2%2Ftags&post=70"}],"curies":[{"name":"wp","href":"https:\/\/api.w.org\/{rel}","templated":true}]}}