{"id":157,"date":"2021-11-07T23:24:55","date_gmt":"2021-11-07T23:24:55","guid":{"rendered":"http:\/\/spd-niehl.de\/?p=157"},"modified":"2021-11-07T23:24:55","modified_gmt":"2021-11-07T23:24:55","slug":"ist-das-nicht-ein-idyllischer-parkplatz","status":"publish","type":"post","link":"http:\/\/spd-niehl.de\/?p=157","title":{"rendered":"Ist das nicht ein idyllischer Parkplatz!"},"content":{"rendered":"\n<p>Er befindet sich in Alt-Niehl. Hier bilden die Merkenicher Stra\u00dfe und der Flittarder Weg ein Dreieck, auf dem 7 gro\u00dfe, alte und gesunde Linden stehen. Und das, obwohl hier seit Jahrzehnten die Anwohnenden ihre Autos parken. Dazu ist der Platz auch gepflastert, inzwischen etwas holprig, dadurch aber nicht versiegelt. Es versickert genug Regenwasser im Boden. Die direkte Umgebung der B\u00e4ume ist nicht gepflastert und teilweise sorgen gro\u00dfe Steine daf\u00fcr, dass Autos den B\u00e4umen nicht zu nahe kommen. Also eigentlich alles wunderbar, wenn man mal davon absieht, dass die gefiederten Baumbewohner*innen (Muss man auch Tiere\u00a0 gendern?) gerne etwas auf die Autos fallen lassen. \u00a0 Aber im September 2021 hat die Bezirksvertretung Nippes mit den Stimmen der Gr\u00fcnen und von deren Verb\u00fcndeten beschlossen, dass der Platz abgepollert werden soll um das Parken zu verhindern. Im zweiten Schritt sollen weitere B\u00e4ume gepflanzt, Sitzb\u00e4nke sowie eine Tischtennisplatte oder Boule-Anlage errichtet werden. Das ganze soll die B\u00e4ume sch\u00fctzen und die Aufenthaltsqualit\u00e4t verbessern. Da fragt man sich: &#8211; Wie verr\u00fcckt ist es, unter gro\u00dfen B\u00e4umen noch weitere B\u00e4ume nachzupflanzen? &#8211; Und wie verr\u00fcckt ist es, in einem leichten Gef\u00e4lle Tischtennis oder Boule zu spielen? &#8211; Was n\u00fctzt eine gute Aufenthaltsqualit\u00e4t, wenn man keinen Parkplatz mehr findet? \u00a0 Ja gut, der Trend geht zum Fahrrad. Aber es gibt hier auch viele alte Menschen, die nicht mehr radfahren k\u00f6nnen, und andere, bei denen ein Pflegedienst in der N\u00e4he parken k\u00f6nnen muss. Auch Paketboten und Handwerker kommen nicht mit dem Rad. Hier werden gut gewachsene Strukturen ohne Not zerst\u00f6rt. \u00a0 \u00a0 <\/p>\n\n\n\n<p>Text und Foto: Martin Brenig\u00a0\u00a0 \u00a0<\/p>\n\n\n\n<figure class=\"wp-block-image size-large\"><img loading=\"lazy\" width=\"768\" height=\"1024\" src=\"http:\/\/spd-niehl.de\/wp-content\/uploads\/2021\/11\/20211105_111317-4-768x1024.jpg\" alt=\"\" class=\"wp-image-158\" srcset=\"http:\/\/spd-niehl.de\/wp-content\/uploads\/2021\/11\/20211105_111317-4-768x1024.jpg 768w, http:\/\/spd-niehl.de\/wp-content\/uploads\/2021\/11\/20211105_111317-4-225x300.jpg 225w, http:\/\/spd-niehl.de\/wp-content\/uploads\/2021\/11\/20211105_111317-4-1152x1536.jpg 1152w, http:\/\/spd-niehl.de\/wp-content\/uploads\/2021\/11\/20211105_111317-4-1536x2048.jpg 1536w, http:\/\/spd-niehl.de\/wp-content\/uploads\/2021\/11\/20211105_111317-4-scaled.jpg 1920w\" sizes=\"(max-width: 768px) 100vw, 768px\" \/><\/figure>\n","protected":false},"excerpt":{"rendered":"<p>Er befindet sich in Alt-Niehl. Hier bilden die Merkenicher Stra\u00dfe und der Flittarder Weg ein Dreieck, auf dem 7 gro\u00dfe, alte und gesunde Linden stehen. Und das, obwohl hier seit Jahrzehnten die Anwohnenden ihre Autos parken. Dazu ist der Platz auch gepflastert, inzwischen etwas holprig, dadurch aber nicht versiegelt. Es versickert genug Regenwasser im Boden.<\/p><\/div>\n<div class=\"blog-btn\"><a href=\"http:\/\/spd-niehl.de\/?p=157\" class=\"home-blog-btn\">Weiterlesen<\/a><\/p>\n","protected":false},"author":1,"featured_media":0,"comment_status":"open","ping_status":"open","sticky":false,"template":"","format":"standard","meta":[],"categories":[1],"tags":[],"_links":{"self":[{"href":"http:\/\/spd-niehl.de\/index.php?rest_route=\/wp\/v2\/posts\/157"}],"collection":[{"href":"http:\/\/spd-niehl.de\/index.php?rest_route=\/wp\/v2\/posts"}],"about":[{"href":"http:\/\/spd-niehl.de\/index.php?rest_route=\/wp\/v2\/types\/post"}],"author":[{"embeddable":true,"href":"http:\/\/spd-niehl.de\/index.php?rest_route=\/wp\/v2\/users\/1"}],"replies":[{"embeddable":true,"href":"http:\/\/spd-niehl.de\/index.php?rest_route=%2Fwp%2Fv2%2Fcomments&post=157"}],"version-history":[{"count":2,"href":"http:\/\/spd-niehl.de\/index.php?rest_route=\/wp\/v2\/posts\/157\/revisions"}],"predecessor-version":[{"id":160,"href":"http:\/\/spd-niehl.de\/index.php?rest_route=\/wp\/v2\/posts\/157\/revisions\/160"}],"wp:attachment":[{"href":"http:\/\/spd-niehl.de\/index.php?rest_route=%2Fwp%2Fv2%2Fmedia&parent=157"}],"wp:term":[{"taxonomy":"category","embeddable":true,"href":"http:\/\/spd-niehl.de\/index.php?rest_route=%2Fwp%2Fv2%2Fcategories&post=157"},{"taxonomy":"post_tag","embeddable":true,"href":"http:\/\/spd-niehl.de\/index.php?rest_route=%2Fwp%2Fv2%2Ftags&post=157"}],"curies":[{"name":"wp","href":"https:\/\/api.w.org\/{rel}","templated":true}]}}